{"id":335,"date":"2024-06-13T10:56:00","date_gmt":"2024-06-13T10:56:00","guid":{"rendered":"https:\/\/www.mcsomosmas.org\/admin\/?p=335"},"modified":"2024-06-13T04:41:40","modified_gmt":"2024-06-13T04:41:40","slug":"unidos-por-acapulco","status":"publish","type":"post","link":"https:\/\/www.mcsomosmas.org\/admin\/2024\/06\/13\/unidos-por-acapulco\/","title":{"rendered":"Unidos por Acapulco"},"content":{"rendered":"\n<p>En un gesto de solidaridad y compromiso, la Dra. Sergy Beatriz M\u00e9ndez Garc\u00eda, a trav\u00e9s de su fundaci\u00f3n MC Somos M\u00e1s, ha jugado un papel destacado en el reciente encuentro de b\u00e9isbol y subasta ben\u00e9fica, organizada para apoyar a las v\u00edctimas del devastador hurac\u00e1n Otis en Acapulco. Este evento, que tambi\u00e9n cont\u00f3 con la participaci\u00f3n notable de la Fundaci\u00f3n Carlos Slim y la Fundaci\u00f3n Mariano Rivera, se erige como un ejemplo brillante de c\u00f3mo la colaboraci\u00f3n y el esfuerzo comunitario pueden marcar una diferencia significativa en tiempos de crisis.<\/p>\n\n\n\n<div class=\"wp-block-media-text is-stacked-on-mobile\"><figure class=\"wp-block-media-text__media\"><img loading=\"lazy\" decoding=\"async\" width=\"590\" height=\"715\" src=\"https:\/\/www.mcsomosmas.org\/admin\/wp-content\/uploads\/2024\/06\/Imagen-de-WhatsApp-2024-06-07-a-las-13.01.04_a713323d.jpg\" alt=\"\" class=\"wp-image-338 size-full\" srcset=\"https:\/\/www.mcsomosmas.org\/admin\/wp-content\/uploads\/2024\/06\/Imagen-de-WhatsApp-2024-06-07-a-las-13.01.04_a713323d.jpg 590w, https:\/\/www.mcsomosmas.org\/admin\/wp-content\/uploads\/2024\/06\/Imagen-de-WhatsApp-2024-06-07-a-las-13.01.04_a713323d-480x582.jpg 480w\" sizes=\"(min-width: 0px) and (max-width: 480px) 480px, (min-width: 481px) 590px, 100vw\" \/><\/figure><div class=\"wp-block-media-text__content\">\n<h4 class=\"wp-block-heading\">MCSomos M\u00e1s: Compromiso y Acci\u00f3n<\/h4>\n\n\n\n<p>Sergy Beatriz M\u00e9ndez Garc\u00eda, conocida por su incansable trabajo en pro de las comunidades vulnerables a trav\u00e9s de su fundaci\u00f3n <strong>MC Somos M\u00e1s<\/strong>, no tard\u00f3 en unirse a los esfuerzos de ayuda. Su fundaci\u00f3n ha sido un faro de esperanza, enfoc\u00e1ndose en la reconstrucci\u00f3n y el apoyo a las familias damnificadas. <\/p>\n\n\n\n<blockquote class=\"wp-block-quote is-layout-flow wp-block-quote-is-layout-flow\">\n<p>&#8220;La generosidad y el amor en acci\u00f3n conjunta son la fuerza que nos permite reconstruir no solo hogares, sino tambi\u00e9n esperanzas y sue\u00f1os.&#8221; &#8211; Dra. Sergy Beatriz M\u00e9ndez Garc\u00eda<\/p>\n<cite>Sergy Beatriz M\u00e9ndez Garc\u00eda<\/cite><\/blockquote>\n<\/div><\/div>\n\n\n\n<h4 class=\"wp-block-heading\">Mirando Hacia el Futuro<\/h4>\n\n\n\n<p>El camino hacia la recuperaci\u00f3n de Acapulco es largo, pero con el apoyo continuo de fundaciones como MC Somos M\u00e1s, la Fundaci\u00f3n Carlos Slim y la Fundaci\u00f3n Mariano Rivera, hay esperanza de que la comunidad pueda reconstruirse y prosperar. La Dra. Sergy Beatriz M\u00e9ndez Garc\u00eda ha demostrado, una vez m\u00e1s, que la acci\u00f3n solidaria y el compromiso pueden transformar vidas y brindar esperanza en los momentos m\u00e1s oscuros.<\/p>\n\n\n\n<p>La participaci\u00f3n de MC Somos M\u00e1s en este evento subraya el compromiso inquebrantable de la Dra. M\u00e9ndez Garc\u00eda con las causas humanitarias y su dedicaci\u00f3n a mejorar las condiciones de vida de los m\u00e1s necesitados.<\/p>\n\n\n\n<div class=\"wp-block-group is-layout-constrained wp-block-group-is-layout-constrained\">\n<figure class=\"wp-block-gallery has-nested-images columns-default is-cropped wp-block-gallery-1 is-layout-flex wp-block-gallery-is-layout-flex\">\n<figure class=\"wp-block-image size-large\"><img loading=\"lazy\" decoding=\"async\" width=\"1024\" height=\"682\" data-id=\"340\" src=\"https:\/\/www.mcsomosmas.org\/admin\/wp-content\/uploads\/2024\/06\/Imagen-de-WhatsApp-2024-06-07-a-las-13.01.04_2f3177a3-1024x682.jpg\" alt=\"\" class=\"wp-image-340\" srcset=\"https:\/\/www.mcsomosmas.org\/admin\/wp-content\/uploads\/2024\/06\/Imagen-de-WhatsApp-2024-06-07-a-las-13.01.04_2f3177a3-1024x682.jpg 1024w, https:\/\/www.mcsomosmas.org\/admin\/wp-content\/uploads\/2024\/06\/Imagen-de-WhatsApp-2024-06-07-a-las-13.01.04_2f3177a3-980x653.jpg 980w, https:\/\/www.mcsomosmas.org\/admin\/wp-content\/uploads\/2024\/06\/Imagen-de-WhatsApp-2024-06-07-a-las-13.01.04_2f3177a3-480x320.jpg 480w\" sizes=\"(min-width: 0px) and (max-width: 480px) 480px, (min-width: 481px) and (max-width: 980px) 980px, (min-width: 981px) 1024px, 100vw\" \/><\/figure>\n<\/figure>\n\n\n\n<blockquote class=\"wp-block-quote is-layout-flow wp-block-quote-is-layout-flow\">\n<p>Con cada gesto de generosidad y amor, en estrecha colaboraci\u00f3n con la Fundaci\u00f3n Mariano Rivera, construimos un puente hacia un ma\u00f1ana lleno de esperanza y nuevas oportunidades.<\/p>\n<cite>-Sergy Beatriz M\u00e9ndez Garc\u00eda<\/cite><\/blockquote>\n\n\n\n<h4 class=\"wp-block-heading\">Impacto y Recaudaci\u00f3n<\/h4>\n\n\n\n<p>Gracias a la generosidad de los participantes y al esfuerzo conjunto de estas fundaciones, se lograron recaudar fondos significativos que ser\u00e1n destinados a la reconstrucci\u00f3n de viviendas, la provisi\u00f3n de suministros esenciales y la implementaci\u00f3n de programas de rehabilitaci\u00f3n comunitaria en Acapulco. La subasta ben\u00e9fica, con art\u00edculos \u00fanicos y experiencias exclusivas, atrajo a numerosos donantes, destacando la capacidad de la comunidad para unirse en momentos de necesidad.<\/p>\n\n\n\n<blockquote class=\"wp-block-quote is-layout-flow wp-block-quote-is-layout-flow\">\n<p>&#8220;La verdadera transformaci\u00f3n comienza cuando la generosidad y el amor se unen, para crear un futuro m\u00e1s brillante para todos.&#8221;<\/p>\n<cite>MC Somos M\u00e1s<\/cite><\/blockquote>\n\n\n\n<p>MC Somos M\u00e1s, la Fundaci\u00f3n Carlos Slim y la Fundaci\u00f3n Mariano Rivera han dejado una marca indeleble en esta iniciativa, y su ejemplo continuar\u00e1 inspirando a muchos a unirse y contribuir a causas nobles. Juntos, podemos construir un futuro mejor para Acapulco y para todos aquellos que necesiten nuestra ayuda.<\/p>\n\n\n\n<h4 class=\"wp-block-heading\">Un Evento de Solidaridad<\/h4>\n\n\n\n<figure class=\"wp-block-image alignright size-large\"><img loading=\"lazy\" decoding=\"async\" width=\"1024\" height=\"682\" src=\"https:\/\/www.mcsomosmas.org\/admin\/wp-content\/uploads\/2024\/06\/Imagen-de-WhatsApp-2024-06-07-a-las-13.01.06_17330d97-1024x682.jpg\" alt=\"\" class=\"wp-image-341\" srcset=\"https:\/\/www.mcsomosmas.org\/admin\/wp-content\/uploads\/2024\/06\/Imagen-de-WhatsApp-2024-06-07-a-las-13.01.06_17330d97-980x653.jpg 980w, https:\/\/www.mcsomosmas.org\/admin\/wp-content\/uploads\/2024\/06\/Imagen-de-WhatsApp-2024-06-07-a-las-13.01.06_17330d97-480x320.jpg 480w\" sizes=\"(min-width: 0px) and (max-width: 480px) 480px, (min-width: 481px) and (max-width: 980px) 980px, (min-width: 981px) 1024px, 100vw\" \/><\/figure>\n\n\n\n<p>El encuentro memorable que reuni\u00f3 a figuras destacadas y a organizaciones filantr\u00f3picas, entre ellas la Fundaci\u00f3n Carlos Slim y la Fundaci\u00f3n Mariano Rivera. La colaboraci\u00f3n entre estas fundaciones y MC Somos M\u00e1s result\u00f3 en un evento extraordinario, donde el deporte y la solidaridad se entrelazaron para brindar apoyo. La Fundaci\u00f3n Carlos Slim, con su vasta experiencia en iniciativas de ayuda humanitaria, y la Fundaci\u00f3n MC Somos M\u00e1s, conocida por sus esfuerzos en educaci\u00f3n y salud, aportaron su experiencia y recursos, creando una sinergia poderosa con Mariano Rivera .<\/p>\n\n\n\n<div style=\"height:100px\" aria-hidden=\"true\" class=\"wp-block-spacer\"><\/div>\n\n\n\n<div style=\"height:100px\" aria-hidden=\"true\" class=\"wp-block-spacer\"><\/div>\n<\/div>\n\n\n\n<div class=\"wp-block-query is-layout-flow wp-block-query-is-layout-flow\"><ul class=\"wp-block-post-template is-layout-flow wp-block-post-template-is-layout-flow\"><li class=\"wp-block-post post-367 post type-post status-publish format-standard has-post-thumbnail hentry category-sin-categoria tag-beatriz-mendez-2 tag-cop28 tag-dubai tag-educacion-climatica tag-lideres-jovenes tag-mc-somos-mas tag-mundo-sustentable\">\n\n<div class=\"wp-block-columns are-vertically-aligned-center is-layout-flex wp-container-core-columns-is-layout-9d6595d7 wp-block-columns-is-layout-flex\">\n<div class=\"wp-block-column is-vertically-aligned-center is-layout-flow wp-block-column-is-layout-flow\" style=\"flex-basis:25%\"><figure class=\"wp-block-post-featured-image\"><a href=\"https:\/\/www.mcsomosmas.org\/admin\/2024\/07\/02\/cop28-dubai-liderando-el-cambio-hacia-la-educacion-climatica\/\" target=\"_self\"  ><img loading=\"lazy\" decoding=\"async\" width=\"1600\" height=\"1200\" src=\"https:\/\/www.mcsomosmas.org\/admin\/wp-content\/uploads\/2024\/06\/Imagen-de-WhatsApp-2024-06-07-a-las-13.06.19_b9d0ac5c.jpg\" class=\"attachment-post-thumbnail size-post-thumbnail wp-post-image\" alt=\"COP28 DUBAI                                                                           &#8220;Liderando el Cambio hacia la Educaci\u00f3n Clim\u00e1tica&#8221;\" style=\"object-fit:cover;\" srcset=\"https:\/\/www.mcsomosmas.org\/admin\/wp-content\/uploads\/2024\/06\/Imagen-de-WhatsApp-2024-06-07-a-las-13.06.19_b9d0ac5c.jpg 1600w, https:\/\/www.mcsomosmas.org\/admin\/wp-content\/uploads\/2024\/06\/Imagen-de-WhatsApp-2024-06-07-a-las-13.06.19_b9d0ac5c-1280x960.jpg 1280w, https:\/\/www.mcsomosmas.org\/admin\/wp-content\/uploads\/2024\/06\/Imagen-de-WhatsApp-2024-06-07-a-las-13.06.19_b9d0ac5c-980x735.jpg 980w, https:\/\/www.mcsomosmas.org\/admin\/wp-content\/uploads\/2024\/06\/Imagen-de-WhatsApp-2024-06-07-a-las-13.06.19_b9d0ac5c-480x360.jpg 480w\" sizes=\"(min-width: 0px) and (max-width: 480px) 480px, (min-width: 481px) and (max-width: 980px) 980px, (min-width: 981px) and (max-width: 1280px) 1280px, (min-width: 1281px) 1600px, 100vw\" \/><\/a><\/figure><\/div>\n\n\n\n<div class=\"wp-block-column is-vertically-aligned-center is-layout-flow wp-block-column-is-layout-flow\" style=\"flex-basis:75%\"><h2 class=\"wp-block-post-title\"><a href=\"https:\/\/www.mcsomosmas.org\/admin\/2024\/07\/02\/cop28-dubai-liderando-el-cambio-hacia-la-educacion-climatica\/\" target=\"_self\" >COP28 DUBAI                                                                           &#8220;Liderando el Cambio hacia la Educaci\u00f3n Clim\u00e1tica&#8221;<\/a><\/h2><\/div>\n<\/div>\n\n<\/li><li class=\"wp-block-post post-347 post type-post status-publish format-standard has-post-thumbnail hentry category-sin-categoria tag-beatriz-mendez tag-ciencia-y-tecnologia tag-inteligencia-artificial tag-mc-somos-mas-ciencia-y-tecnologia\">\n\n<div class=\"wp-block-columns are-vertically-aligned-center is-layout-flex wp-container-core-columns-is-layout-9d6595d7 wp-block-columns-is-layout-flex\">\n<div class=\"wp-block-column is-vertically-aligned-center is-layout-flow wp-block-column-is-layout-flow\" style=\"flex-basis:25%\"><figure class=\"wp-block-post-featured-image\"><a href=\"https:\/\/www.mcsomosmas.org\/admin\/2024\/06\/25\/conferencia-de-inteligencia-artificial-y-ecosistema-metaverso\/\" target=\"_self\"  ><img loading=\"lazy\" decoding=\"async\" width=\"591\" height=\"407\" src=\"https:\/\/www.mcsomosmas.org\/admin\/wp-content\/uploads\/2024\/06\/Imagen-de-WhatsApp-2024-06-07-a-las-13.02.11_1fa2581e.jpg\" class=\"attachment-post-thumbnail size-post-thumbnail wp-post-image\" alt=\"Conferencia de Inteligencia Artificial y Ecosistema Metaverso\" style=\"object-fit:cover;\" srcset=\"https:\/\/www.mcsomosmas.org\/admin\/wp-content\/uploads\/2024\/06\/Imagen-de-WhatsApp-2024-06-07-a-las-13.02.11_1fa2581e.jpg 591w, https:\/\/www.mcsomosmas.org\/admin\/wp-content\/uploads\/2024\/06\/Imagen-de-WhatsApp-2024-06-07-a-las-13.02.11_1fa2581e-480x331.jpg 480w\" sizes=\"(min-width: 0px) and (max-width: 480px) 480px, (min-width: 481px) 591px, 100vw\" \/><\/a><\/figure><\/div>\n\n\n\n<div class=\"wp-block-column is-vertically-aligned-center is-layout-flow wp-block-column-is-layout-flow\" style=\"flex-basis:75%\"><h2 class=\"wp-block-post-title\"><a href=\"https:\/\/www.mcsomosmas.org\/admin\/2024\/06\/25\/conferencia-de-inteligencia-artificial-y-ecosistema-metaverso\/\" target=\"_self\" >Conferencia de Inteligencia Artificial y Ecosistema Metaverso<\/a><\/h2><\/div>\n<\/div>\n\n<\/li><li class=\"wp-block-post post-335 post type-post status-publish format-standard has-post-thumbnail hentry category-sin-categoria\">\n\n<div class=\"wp-block-columns are-vertically-aligned-center is-layout-flex wp-container-core-columns-is-layout-9d6595d7 wp-block-columns-is-layout-flex\">\n<div class=\"wp-block-column is-vertically-aligned-center is-layout-flow wp-block-column-is-layout-flow\" style=\"flex-basis:25%\"><figure class=\"wp-block-post-featured-image\"><a href=\"https:\/\/www.mcsomosmas.org\/admin\/2024\/06\/13\/unidos-por-acapulco\/\" target=\"_self\"  ><img loading=\"lazy\" decoding=\"async\" width=\"1199\" height=\"799\" src=\"https:\/\/www.mcsomosmas.org\/admin\/wp-content\/uploads\/2024\/06\/Imagen-de-WhatsApp-2024-06-07-a-las-13.01.05_7d99b32d.jpg\" class=\"attachment-post-thumbnail size-post-thumbnail wp-post-image\" alt=\"Unidos por Acapulco\" style=\"object-fit:cover;\" srcset=\"https:\/\/www.mcsomosmas.org\/admin\/wp-content\/uploads\/2024\/06\/Imagen-de-WhatsApp-2024-06-07-a-las-13.01.05_7d99b32d.jpg 1199w, https:\/\/www.mcsomosmas.org\/admin\/wp-content\/uploads\/2024\/06\/Imagen-de-WhatsApp-2024-06-07-a-las-13.01.05_7d99b32d-980x653.jpg 980w, https:\/\/www.mcsomosmas.org\/admin\/wp-content\/uploads\/2024\/06\/Imagen-de-WhatsApp-2024-06-07-a-las-13.01.05_7d99b32d-480x320.jpg 480w\" sizes=\"(min-width: 0px) and (max-width: 480px) 480px, (min-width: 481px) and (max-width: 980px) 980px, (min-width: 981px) 1199px, 100vw\" \/><\/a><\/figure><\/div>\n\n\n\n<div class=\"wp-block-column is-vertically-aligned-center is-layout-flow wp-block-column-is-layout-flow\" style=\"flex-basis:75%\"><h2 class=\"wp-block-post-title\"><a href=\"https:\/\/www.mcsomosmas.org\/admin\/2024\/06\/13\/unidos-por-acapulco\/\" target=\"_self\" >Unidos por Acapulco<\/a><\/h2><\/div>\n<\/div>\n\n<\/li><\/ul><\/div>\n\n\n\n<p><\/p>\n","protected":false},"excerpt":{"rendered":"<p>Fundaci\u00f3n Carlos Slim y la Fundaci\u00f3n Mariano Rivera Brillan en el Encuentro de B\u00e9isbol y Subasta por Acapulco<\/p>\n","protected":false},"author":3,"featured_media":337,"comment_status":"open","ping_status":"closed","sticky":false,"template":"","format":"standard","meta":{"_et_pb_use_builder":"off","_et_pb_old_content":"","_et_gb_content_width":"","footnotes":""},"categories":[1],"tags":[],"class_list":["post-335","post","type-post","status-publish","format-standard","has-post-thumbnail","hentry","category-sin-categoria"],"_links":{"self":[{"href":"https:\/\/www.mcsomosmas.org\/admin\/wp-json\/wp\/v2\/posts\/335","targetHints":{"allow":["GET"]}}],"collection":[{"href":"https:\/\/www.mcsomosmas.org\/admin\/wp-json\/wp\/v2\/posts"}],"about":[{"href":"https:\/\/www.mcsomosmas.org\/admin\/wp-json\/wp\/v2\/types\/post"}],"author":[{"embeddable":true,"href":"https:\/\/www.mcsomosmas.org\/admin\/wp-json\/wp\/v2\/users\/3"}],"replies":[{"embeddable":true,"href":"https:\/\/www.mcsomosmas.org\/admin\/wp-json\/wp\/v2\/comments?post=335"}],"version-history":[{"count":3,"href":"https:\/\/www.mcsomosmas.org\/admin\/wp-json\/wp\/v2\/posts\/335\/revisions"}],"predecessor-version":[{"id":343,"href":"https:\/\/www.mcsomosmas.org\/admin\/wp-json\/wp\/v2\/posts\/335\/revisions\/343"}],"wp:featuredmedia":[{"embeddable":true,"href":"https:\/\/www.mcsomosmas.org\/admin\/wp-json\/wp\/v2\/media\/337"}],"wp:attachment":[{"href":"https:\/\/www.mcsomosmas.org\/admin\/wp-json\/wp\/v2\/media?parent=335"}],"wp:term":[{"taxonomy":"category","embeddable":true,"href":"https:\/\/www.mcsomosmas.org\/admin\/wp-json\/wp\/v2\/categories?post=335"},{"taxonomy":"post_tag","embeddable":true,"href":"https:\/\/www.mcsomosmas.org\/admin\/wp-json\/wp\/v2\/tags?post=335"}],"curies":[{"name":"wp","href":"https:\/\/api.w.org\/{rel}","templated":true}]}}