{"id":367,"date":"2024-07-02T09:32:00","date_gmt":"2024-07-02T09:32:00","guid":{"rendered":"https:\/\/www.mcsomosmas.org\/admin\/?p=367"},"modified":"2024-06-26T06:05:51","modified_gmt":"2024-06-26T06:05:51","slug":"cop28-dubai-liderando-el-cambio-hacia-la-educacion-climatica","status":"publish","type":"post","link":"https:\/\/www.mcsomosmas.org\/admin\/2024\/07\/02\/cop28-dubai-liderando-el-cambio-hacia-la-educacion-climatica\/","title":{"rendered":"COP28 DUBAI                                                                           &#8220;Liderando el Cambio hacia la Educaci\u00f3n Clim\u00e1tica&#8221;"},"content":{"rendered":"\n<details class=\"wp-block-details is-layout-flow wp-block-details-is-layout-flow\"><summary>El 4 de diciembre de 2023, la Dra. Sergy Beatriz M\u00e9ndez Garc\u00eda particip\u00f3 en la prestigiosa COP28 en los Emiratos \u00c1rabes Unidos, un evento que se destaca por reunir a l\u00edderes mundiales para abordar los desaf\u00edos y oportunidades en torno al cambio clim\u00e1tico. Como una de las voces m\u00e1s influyentes en el \u00e1mbito de la tecnolog\u00eda y la educaci\u00f3n, la Dra. M\u00e9ndez Garc\u00eda estuvo presente en la sesi\u00f3n &#8220;Empowering Youth Voices: Climate Education in Action&#8221;.<\/summary>\n<p>Beatriz M\u00e9ndez por un mundo sustentable.<\/p>\n<\/details>\n\n\n\n<div class=\"wp-block-media-text has-media-on-the-right is-stacked-on-mobile is-vertically-aligned-center\" style=\"grid-template-columns:auto 42%\"><div class=\"wp-block-media-text__content\">\n<p>En su inspiradora ponencia en la COP28, la Dra. Sergy Beatriz M\u00e9ndez Garc\u00eda present\u00f3 una visi\u00f3n transformadora para la educaci\u00f3n clim\u00e1tica, enfoc\u00e1ndose en el liderazgo como motor del cambio. Propuso programas educativos dise\u00f1ados espec\u00edficamente para empoderar a j\u00f3venes mujeres, brind\u00e1ndoles las herramientas y el conocimiento necesarios para convertirse en l\u00edderes en la lucha contra el cambio clim\u00e1tico.  <\/p>\n<\/div><figure class=\"wp-block-media-text__media\"><img loading=\"lazy\" decoding=\"async\" width=\"1024\" height=\"759\" src=\"https:\/\/www.mcsomosmas.org\/admin\/wp-content\/uploads\/2024\/06\/I-07-a-las-13.06.15_2a77e2af-1024x759.jpg\" alt=\"\" class=\"wp-image-362 size-full\" srcset=\"https:\/\/www.mcsomosmas.org\/admin\/wp-content\/uploads\/2024\/06\/I-07-a-las-13.06.15_2a77e2af-1024x759.jpg 1024w, https:\/\/www.mcsomosmas.org\/admin\/wp-content\/uploads\/2024\/06\/I-07-a-las-13.06.15_2a77e2af-980x727.jpg 980w, https:\/\/www.mcsomosmas.org\/admin\/wp-content\/uploads\/2024\/06\/I-07-a-las-13.06.15_2a77e2af-480x356.jpg 480w\" sizes=\"(min-width: 0px) and (max-width: 480px) 480px, (min-width: 481px) and (max-width: 980px) 980px, (min-width: 981px) 1024px, 100vw\" \/><\/figure><\/div>\n\n\n\n<blockquote class=\"wp-block-quote is-layout-flow wp-block-quote-is-layout-flow\">\n<figure class=\"wp-block-pullquote\"><blockquote><p>El verdadero poder de la educaci\u00f3n radica en su capacidad para transformar mentes y corazones, preparando a las nuevas generaciones para liderar con conocimiento, compasi\u00f3n y un compromiso inquebrantable con la sostenibilidad.<\/p><cite>-dra. beatriz m\u00e8ndez<\/cite><\/blockquote><\/figure>\n\n\n\n<div class=\"wp-block-media-text is-stacked-on-mobile\" style=\"grid-template-columns:31% auto\"><figure class=\"wp-block-media-text__media\"><img loading=\"lazy\" decoding=\"async\" width=\"768\" height=\"1024\" src=\"https:\/\/www.mcsomosmas.org\/admin\/wp-content\/uploads\/2024\/06\/Imagen-de-WhatsApp-2024-06-07-a-las-13.06.20_2e4043b0-768x1024.jpg\" alt=\"\" class=\"wp-image-357 size-full\"\/><\/figure><div class=\"wp-block-media-text__content\">\n<p>La Dra. M\u00e9ndez Garc\u00eda destac\u00f3 la importancia de cultivar el liderazgo femenino desde edades tempranas, fomentando la confianza y la capacidad de estas j\u00f3venes para innovar y dirigir proyectos sostenibles. Su enfoque no solo subraya la equidad de g\u00e9nero en el \u00e1mbito educativo, sino que tambi\u00e9n reconoce el inmenso potencial de las nuevas generaciones de hombres y mujeres para impulsar un cambio positivo y duradero en la protecci\u00f3n del medio ambiente.<\/p>\n<\/div><\/div>\n\n\n\n<div style=\"height:40px\" aria-hidden=\"true\" class=\"wp-block-spacer\"><\/div>\n<cite>COP 28 Dubai<\/cite><\/blockquote>\n\n\n\n<h4 class=\"wp-block-heading\">Un evento de educaci\u00f3n e inspiraci\u00f3n para los futuros l\u00edderes globales.<\/h4>\n\n\n\n<p>La sesi\u00f3n fue un espacio de enriquecedor intercambio de ideas y experiencias, donde los participantes aportaron  las pr\u00e1cticas exitosas implementadas en diferentes partes del mundo. La presencia de la Dra. M\u00e9ndez Garc\u00eda no solo realza la importancia de la educaci\u00f3n clim\u00e1tica, sino que tambi\u00e9n subraya su compromiso con el avance del conocimiento y la innovaci\u00f3n.<\/p>\n\n\n\n<h4 class=\"wp-block-heading\">Inspirando a la Pr\u00f3xima Generaci\u00f3n de L\u00edderes Clim\u00e1ticos<\/h4>\n\n\n\n<p>La Dra. M\u00e9ndez Garc\u00eda, conocida por su constante b\u00fasqueda de la vanguardia en conocimiento tecnol\u00f3gico, se uni\u00f3 a un panel de destacados expertos para discutir y celebrar las iniciativas de educaci\u00f3n clim\u00e1tica lideradas por j\u00f3venes. Este evento se llev\u00f3 a cabo en la Zona Verde de la COP28, espec\u00edficamente en el Greening Education Hub, sala Al Erth.<\/p>\n\n\n\n<p>Durante su participaci\u00f3n, la Dra. M\u00e9ndez Garc\u00eda comparti\u00f3 su visi\u00f3n sobre la importancia de educar a las nuevas generaciones en temas de sostenibilidad y cambio clim\u00e1tico, destacando c\u00f3mo la tecnolog\u00eda puede ser un aliado poderoso en esta misi\u00f3n.<\/p>\n\n\n\n<p> Junto a ella estuvieron otros l\u00edderes influyentes, como Jane Njuguna de Kenia, Kaime Silvestre de Brasil, y Lidia Guajajara, coordinadora del Ministerio de los Pueblos Ind\u00edgenas de Brasil.<\/p>\n\n\n\n<p><strong>Beatriz Garcia, Directora de la Fundaci\u00f3n MC, M\u00e9xico<\/strong> Beatriz Garcia comparti\u00f3 la experiencia de la Fundaci\u00f3n en la implementaci\u00f3n de programas educativos que promueven la conciencia ambiental y el liderazgo juvenil en M\u00e9xico. Garcia destac\u00f3 la importancia de cultivar habilidades de liderazgo en los j\u00f3venes para que puedan tomar acciones concretas en sus comunidades. Su enfoque en la educaci\u00f3n pr\u00e1ctica y el activismo local muestra c\u00f3mo los j\u00f3venes pueden ser agentes de cambio efectivo en la lucha contra el cambio clim\u00e1tico.<\/p>\n\n\n\n<p><\/p>\n\n\n\n<figure class=\"wp-block-gallery has-nested-images columns-default is-cropped wp-block-gallery-1 is-layout-flex wp-block-gallery-is-layout-flex\">\n<figure class=\"wp-block-image size-full\"><img loading=\"lazy\" decoding=\"async\" width=\"805\" height=\"1024\" data-id=\"361\" src=\"https:\/\/www.mcsomosmas.org\/admin\/wp-content\/uploads\/2024\/06\/Imagen-de-WhatsApp-2024-06-07-a-las-13.11.10_a74e8ad1.jpg\" alt=\"\" class=\"wp-image-361\" srcset=\"https:\/\/www.mcsomosmas.org\/admin\/wp-content\/uploads\/2024\/06\/Imagen-de-WhatsApp-2024-06-07-a-las-13.11.10_a74e8ad1.jpg 805w, https:\/\/www.mcsomosmas.org\/admin\/wp-content\/uploads\/2024\/06\/Imagen-de-WhatsApp-2024-06-07-a-las-13.11.10_a74e8ad1-480x611.jpg 480w\" sizes=\"(min-width: 0px) and (max-width: 480px) 480px, (min-width: 481px) 805px, 100vw\" \/><\/figure>\n\n\n\n<figure class=\"wp-block-image size-large\"><img loading=\"lazy\" decoding=\"async\" width=\"819\" height=\"1024\" data-id=\"359\" src=\"https:\/\/www.mcsomosmas.org\/admin\/wp-content\/uploads\/2024\/06\/Imagen-de-WhatsApp-2024-06-07-a-las-13.11.10_1823f0c8-819x1024.jpg\" alt=\"\" class=\"wp-image-359\"\/><\/figure>\n<\/figure>\n\n\n\n<h3 class=\"wp-block-heading\">Aportaciones Relevantes de las Ponentes en la COP28<\/h3>\n\n\n\n<p>Durante la conferencia COP28, destacadas l\u00edderes compartieron sus perspectivas y experiencias en torno a la educaci\u00f3n clim\u00e1tica y los derechos humanos, brindando aportaciones significativas que resonaron con la audiencia.<\/p>\n\n\n\n<p><strong>Kaime Silvestre, Abogado de Derechos Humanos de YOUNGO Human Rights, Brasil<\/strong> Kaime Silvestre enfatiz\u00f3 la importancia de integrar los derechos humanos en las iniciativas de educaci\u00f3n clim\u00e1tica. Silvestre destac\u00f3 c\u00f3mo la educaci\u00f3n puede empoderar a las comunidades vulnerables, permiti\u00e9ndoles defender sus derechos y participar activamente en la toma de decisiones ambientales. Su trabajo en Brasil demuestra que la educaci\u00f3n no solo informa, sino que tambi\u00e9n moviliza a los j\u00f3venes a abogar por un futuro sostenible y justo.<\/p>\n\n\n\n<p><strong>Lidia Guajajara, Coordinadora del Ministerio de los Pueblos Ind\u00edgenas, Brasil<\/strong> subray\u00f3 la sabidur\u00eda ancestral y las pr\u00e1cticas sostenibles de las comunidades ind\u00edgenas, que son esenciales para la conservaci\u00f3n del medio ambiente. Abog\u00f3 por la inclusi\u00f3n de estos conocimientos en los curr\u00edculos educativos, asegurando que las nuevas generaciones reconozcan y respeten la interconexi\u00f3n entre la naturaleza y la cultura.<\/p>\n\n\n\n<p><strong>Sofia Fominova, Cofundadora de Net0, M\u00f3naco<\/strong> Sofia Fominova aport\u00f3 una visi\u00f3n innovadora al discutir c\u00f3mo la tecnolog\u00eda puede ser una herramienta clave en la educaci\u00f3n clim\u00e1tica. Propuso que nuevas tecnolog\u00edas se integren en los programas educativos para ense\u00f1ar a los estudiantes sobre la sostenibilidad empresarial y las pr\u00e1cticas ecol\u00f3gicas, preparando a los j\u00f3venes para liderar con responsabilidad ambiental.<\/p>\n\n\n\n<p><strong>Rosnee Bhattarai, Secretaria Principal de la Comisi\u00f3n Internacional de Derechos Humanos, Nepal<\/strong> Rosnee Bhattarai destac\u00f3 la intersecci\u00f3n entre derechos humanos y educaci\u00f3n clim\u00e1tica, argumentando que una educaci\u00f3n inclusiva y equitativa es fundamental para abordar las desigualdades exacerbadas por el cambio clim\u00e1tico. Bhattarai abog\u00f3 por pol\u00edticas educativas que prioricen a las comunidades marginadas, asegurando que todos los j\u00f3venes tengan acceso a conocimientos y recursos para enfrentar los desaf\u00edos ambientales y defender sus derechos.<\/p>\n\n\n\n<p><\/p>\n\n\n\n<p><\/p>\n\n\n\n<div class=\"wp-block-media-text has-media-on-the-right is-stacked-on-mobile\" style=\"grid-template-columns:auto 32%\"><div class=\"wp-block-media-text__content\">\n<h4 class=\"wp-block-heading\">\u00danete a la Conversaci\u00f3n Global<\/h4>\n\n\n\n<p>Te invitamos a seguir de cerca este evento y a unirte a la conversaci\u00f3n global sobre c\u00f3mo podemos capacitar a los j\u00f3venes para que sean agentes de cambio en la lucha contra el cambio clim\u00e1tico. La COP28 es una oportunidad para conectar con l\u00edderes visionarios y aprender de sus experiencias y perspectivas.<\/p>\n<\/div><figure class=\"wp-block-media-text__media\"><img loading=\"lazy\" decoding=\"async\" width=\"828\" height=\"874\" src=\"https:\/\/www.mcsomosmas.org\/admin\/wp-content\/uploads\/2024\/06\/Imagen-de-WhatsApp-2024-06-07-a-las-13.11.10_a00e87d7.jpg\" alt=\"\" class=\"wp-image-360 size-full\" srcset=\"https:\/\/www.mcsomosmas.org\/admin\/wp-content\/uploads\/2024\/06\/Imagen-de-WhatsApp-2024-06-07-a-las-13.11.10_a00e87d7.jpg 828w, https:\/\/www.mcsomosmas.org\/admin\/wp-content\/uploads\/2024\/06\/Imagen-de-WhatsApp-2024-06-07-a-las-13.11.10_a00e87d7-480x507.jpg 480w\" sizes=\"(min-width: 0px) and (max-width: 480px) 480px, (min-width: 481px) 828px, 100vw\" \/><\/figure><\/div>\n\n\n\n<h4 class=\"wp-block-heading\"><\/h4>\n","protected":false},"excerpt":{"rendered":"<p>Panel de Expertos: Debate sobre iniciativas clim\u00e1ticas juveniles.<br \/>\nLa COP28 es una oportunidad \u00fanica para conectar con l\u00edderes visionarios y aprender de sus experiencias y perspectivas.<\/p>\n","protected":false},"author":3,"featured_media":356,"comment_status":"open","ping_status":"closed","sticky":false,"template":"","format":"standard","meta":{"_et_pb_use_builder":"off","_et_pb_old_content":"","_et_gb_content_width":"795","footnotes":""},"categories":[1],"tags":[18,14,15,13,16,19,17],"class_list":["post-367","post","type-post","status-publish","format-standard","has-post-thumbnail","hentry","category-sin-categoria","tag-beatriz-mendez-2","tag-cop28","tag-dubai","tag-educacion-climatica","tag-lideres-jovenes","tag-mc-somos-mas","tag-mundo-sustentable"],"_links":{"self":[{"href":"https:\/\/www.mcsomosmas.org\/admin\/wp-json\/wp\/v2\/posts\/367","targetHints":{"allow":["GET"]}}],"collection":[{"href":"https:\/\/www.mcsomosmas.org\/admin\/wp-json\/wp\/v2\/posts"}],"about":[{"href":"https:\/\/www.mcsomosmas.org\/admin\/wp-json\/wp\/v2\/types\/post"}],"author":[{"embeddable":true,"href":"https:\/\/www.mcsomosmas.org\/admin\/wp-json\/wp\/v2\/users\/3"}],"replies":[{"embeddable":true,"href":"https:\/\/www.mcsomosmas.org\/admin\/wp-json\/wp\/v2\/comments?post=367"}],"version-history":[{"count":4,"href":"https:\/\/www.mcsomosmas.org\/admin\/wp-json\/wp\/v2\/posts\/367\/revisions"}],"predecessor-version":[{"id":372,"href":"https:\/\/www.mcsomosmas.org\/admin\/wp-json\/wp\/v2\/posts\/367\/revisions\/372"}],"wp:featuredmedia":[{"embeddable":true,"href":"https:\/\/www.mcsomosmas.org\/admin\/wp-json\/wp\/v2\/media\/356"}],"wp:attachment":[{"href":"https:\/\/www.mcsomosmas.org\/admin\/wp-json\/wp\/v2\/media?parent=367"}],"wp:term":[{"taxonomy":"category","embeddable":true,"href":"https:\/\/www.mcsomosmas.org\/admin\/wp-json\/wp\/v2\/categories?post=367"},{"taxonomy":"post_tag","embeddable":true,"href":"https:\/\/www.mcsomosmas.org\/admin\/wp-json\/wp\/v2\/tags?post=367"}],"curies":[{"name":"wp","href":"https:\/\/api.w.org\/{rel}","templated":true}]}}